{"id":57385,"date":"2025-06-13T21:28:25","date_gmt":"2025-06-13T18:28:25","guid":{"rendered":"https:\/\/karacamkoyu.com\/?p=57385"},"modified":"2025-06-13T23:53:36","modified_gmt":"2025-06-13T20:53:36","slug":"bir-bayram-ruyasi","status":"publish","type":"post","link":"https:\/\/karacamkoyu.com\/index.php\/2025\/06\/13\/bir-bayram-ruyasi\/","title":{"rendered":"B\u0130R BAYRAM R\u00dcYASI"},"content":{"rendered":"<p>Namaza gelenleri y\u00fcksek sesle yard\u0131ma \u00e7a\u011f\u0131ran para toplay\u0131c\u0131s\u0131, bu bayram sabah\u0131na kadar duymad\u0131\u011f\u0131m kelimelerle camiden \u00e7\u0131kanlara sesini duyurmaya \u00e7al\u0131\u015f\u0131yordu. \u201cCamimize yard\u0131m\u201d, \u201cil\u00e7emizde in\u015faat\u0131 devam eden kurslara yard\u0131m\u201d, \u201cil m\u00fcft\u00fcl\u00fc\u011f\u00fcne yard\u0131m\u201d gibi al\u0131\u015f\u0131lm\u0131\u015f kelimelerin yerini \u201c<b>\u00c7ocuklar, hediyelerinizi almay\u0131 unutmay\u0131n!<\/b>\u201d sesi alm\u0131\u015ft\u0131.<\/p>\n<p>Bah\u00e7eye erkence bir vakitte konulmu\u015f masa \u00fczerinde camiye gelen \u00e7ocuklara da\u011f\u0131tmak i\u00e7in \u00f6zenle haz\u0131rlanm\u0131\u015f hediye paketleri vard\u0131. Hediyesini alan her \u00e7ocu\u011fa zarf i\u00e7inde bir de bayram har\u00e7l\u0131\u011f\u0131 veriliyordu. Olup bitenler inan\u0131l\u0131r gibi de\u011fildi. R\u00fcya m\u0131yd\u0131, ger\u00e7ek miydi b\u00fct\u00fcn bu ya\u015fad\u0131klar\u0131m, bilmiyordum. Kim d\u00fc\u015f\u00fcnm\u00fc\u015ft\u00fc bunlar\u0131, ne zaman d\u00fc\u015f\u00fcnm\u00fc\u015ft\u00fc ve benim bundan ni\u00e7in haberim olmam\u0131\u015ft\u0131. \u201cB\u00f6yle g\u00fczellikleri yaln\u0131z ben hayal etmiyormu\u015fum\u201d diyerek bir kere daha mutlu oldum.<\/p>\n<p>Bayram namaz\u0131na gelen \u00e7ocuklar hediyelerini ve har\u00e7l\u0131klar\u0131n\u0131 al\u0131p evlerine da\u011f\u0131ld\u0131k\u00e7a, namaza gelmeyenler de olanlar\u0131 -bir yerlerden- duymu\u015f olacaklar ki, cami \u00f6n\u00fcnde toplanmaya ba\u015flad\u0131lar. \u00c7ocuklar, ku\u015flar gibi, cami avlusunda kanat \u00e7\u0131rp\u0131p c\u0131v\u0131lda\u015f\u0131yorlard\u0131, selatin camilerdeki g\u00fcvercinler misali.<\/p>\n<p>Pozitif ayr\u0131mc\u0131l\u0131k olarak d\u00fc\u015f\u00fcn\u00fcrseniz \u00fcz\u00fcl\u00fcr\u00fcm ama s\u00f6ylemesem olmaz, oyuncak bebeklerden ald\u0131\u011f\u0131m habere g\u00f6re, kad\u0131nlar da bu iyilik r\u00fcyas\u0131na kat\u0131lm\u0131\u015f olmal\u0131lar.<\/p>\n<p>\u0130nanam\u0131yordum, sessiz bir devrimdi bu, hem de \u00e7ocuk sevin\u00e7leriyle ba\u015flayan. \u0130stemekten \u00f6nce vermeye odaklanan bir devrim. Bu bayram, her bayramdan daha ba\u015fka bir mutluluk kaplam\u0131\u015ft\u0131 i\u00e7imi.<\/p>\n<p>Yola paralel uzanan camide bayram namaz\u0131n\u0131 k\u0131lmak i\u00e7in duran bir misafirin, g\u00f6r\u00fcnt\u00fcl\u00fc olarak yapt\u0131\u011f\u0131 g\u00f6r\u00fc\u015fmede s\u00f6ylediklerini i\u015fitince daha bir b\u00fcy\u00fcd\u00fc y\u00fcre\u011fimdeki umut, heyecan, mutluluk: \u201cBu sabah, bayram namaz\u0131n\u0131 d\u00fcnyan\u0131n en g\u00fczel camisinde k\u0131ld\u0131m. Namaz \u00e7\u0131k\u0131\u015f\u0131 \u00e7ocuklar, g\u00f6rd\u00fc\u011f\u00fcn\u00fcz gibi, bayram hediyelerini ve har\u00e7l\u0131klar\u0131n\u0131 alarak ko\u015fa ko\u015fa evlerine gidiyorlar! Bah\u00e7e onlarla ve meleklerle dolu\u2026\u201d<\/p>\n<p>Bir abla hasta karde\u015fi i\u00e7in hediye almaya gelmi\u015fti, oradakilerden biri \u201cK\u0131rmay\u0131n \u00e7ocu\u011fu!\u201d dedi k\u0131s\u0131k bir sesle. Oysa b\u00fct\u00fcn d\u00fcnya duymu\u015ftu bu sesi, bulutlarla ve r\u00fczg\u00e2rla beraber.<\/p>\n<p>G\u00fczel haberler ne \u00e7abuk yay\u0131l\u0131yormu\u015f me\u011fer.<\/p>\n<p>D\u00fcnyan\u0131n her yerine ne \u00e7abuk ula\u015f\u0131yormu\u015f \u00e7ocuk sevin\u00e7leri.<\/p>\n<p>Sosyal medya fenomenleri, bug\u00fcne kadar benzeri pek ya\u015fanmayan bu bayram co\u015fkusunu haber yapacaklar m\u0131, g\u00f6rece\u011fiz!<\/p>\n<p>B\u00f6yle bir bayram inceli\u011fini kim d\u00fc\u015f\u00fcnd\u00fcyse bir devrimin fitilini tutu\u015fturmu\u015ftu bilmeden. D\u00fcnyan\u0131n ac\u0131 \u00e7eken b\u00fct\u00fcn \u00e7ocuklar\u0131na (hatta b\u00fcy\u00fcklerine) umut olacak bu kutlama hangi kalplerden do\u011fduysa g\u00fcne\u015f de oradan do\u011facakt\u0131 art\u0131k, merhamet g\u00fcne\u015fi, karde\u015flik g\u00fcne\u015fi\u2026<\/p>\n<p>Bu sabah, uzun bir aradan sonra, kalbim ilk defa bir ku\u015f kalbi gibi p\u0131r p\u0131r att\u0131 ve \u00e7ocuk olmak istedim. (6 Haziran 2025, Cuma)<\/p>\n","protected":false},"excerpt":{"rendered":"<p>Namaza gelenleri y\u00fcksek sesle yard\u0131ma \u00e7a\u011f\u0131ran para toplay\u0131c\u0131s\u0131, bu bayram sabah\u0131na kadar duymad\u0131\u011f\u0131m kelimelerle camiden \u00e7\u0131kanlara sesini duyurmaya \u00e7al\u0131\u015f\u0131yordu. \u201cCamimize yard\u0131m\u201d, \u201cil\u00e7emizde in\u015faat\u0131 devam eden kurslara yard\u0131m\u201d, \u201cil m\u00fcft\u00fcl\u00fc\u011f\u00fcne yard\u0131m\u201d gibi al\u0131\u015f\u0131lm\u0131\u015f kelimelerin yerini \u201c\u00c7ocuklar, hediyelerinizi almay\u0131 unutmay\u0131n!\u201d sesi alm\u0131\u015ft\u0131. Bah\u00e7eye erkence bir vakitte konulmu\u015f masa \u00fczerinde camiye gelen \u00e7ocuklara da\u011f\u0131tmak i\u00e7in \u00f6zenle haz\u0131rlanm\u0131\u015f hediye [&hellip;]<\/p>\n","protected":false},"author":908,"featured_media":52936,"comment_status":"open","ping_status":"open","sticky":false,"template":"","format":"standard","meta":{"om_disable_all_campaigns":false,"_monsterinsights_skip_tracking":false,"_monsterinsights_sitenote_active":false,"_monsterinsights_sitenote_note":"","_monsterinsights_sitenote_category":0,"footnotes":""},"categories":[1,194,5,1226],"tags":[1331,1802,1336,1353,1398,1529,1348],"class_list":["post-57385","post","type-post","status-publish","format-standard","has-post-thumbnail","hentry","category-genel","category-guncel","category-kose-yazilari","category-manset","tag-adapazari","tag-bayram-namazi","tag-geyve","tag-karacam-koyu","tag-muharrem-dayanc","tag-ramazan-bayrami","tag-sakarya"],"aioseo_notices":[],"_links":{"self":[{"href":"https:\/\/karacamkoyu.com\/index.php\/wp-json\/wp\/v2\/posts\/57385"}],"collection":[{"href":"https:\/\/karacamkoyu.com\/index.php\/wp-json\/wp\/v2\/posts"}],"about":[{"href":"https:\/\/karacamkoyu.com\/index.php\/wp-json\/wp\/v2\/types\/post"}],"author":[{"embeddable":true,"href":"https:\/\/karacamkoyu.com\/index.php\/wp-json\/wp\/v2\/users\/908"}],"replies":[{"embeddable":true,"href":"https:\/\/karacamkoyu.com\/index.php\/wp-json\/wp\/v2\/comments?post=57385"}],"version-history":[{"count":1,"href":"https:\/\/karacamkoyu.com\/index.php\/wp-json\/wp\/v2\/posts\/57385\/revisions"}],"predecessor-version":[{"id":57386,"href":"https:\/\/karacamkoyu.com\/index.php\/wp-json\/wp\/v2\/posts\/57385\/revisions\/57386"}],"wp:featuredmedia":[{"embeddable":true,"href":"https:\/\/karacamkoyu.com\/index.php\/wp-json\/wp\/v2\/media\/52936"}],"wp:attachment":[{"href":"https:\/\/karacamkoyu.com\/index.php\/wp-json\/wp\/v2\/media?parent=57385"}],"wp:term":[{"taxonomy":"category","embeddable":true,"href":"https:\/\/karacamkoyu.com\/index.php\/wp-json\/wp\/v2\/categories?post=57385"},{"taxonomy":"post_tag","embeddable":true,"href":"https:\/\/karacamkoyu.com\/index.php\/wp-json\/wp\/v2\/tags?post=57385"}],"curies":[{"name":"wp","href":"https:\/\/api.w.org\/{rel}","templated":true}]}}